

{"id":258,"date":"2024-06-05T14:18:50","date_gmt":"2024-06-05T12:18:50","guid":{"rendered":"https:\/\/blog.hwr-berlin.de\/steps-to-public-service\/?p=258"},"modified":"2024-06-05T14:22:12","modified_gmt":"2024-06-05T12:22:12","slug":"erfahrungsbericht-ulas-sener-mein-weg-in-die-berliner-verwaltung","status":"publish","type":"post","link":"https:\/\/blog.hwr-berlin.de\/steps-to-public-service\/erfahrungsbericht-ulas-sener-mein-weg-in-die-berliner-verwaltung\/","title":{"rendered":"Erfahrungsbericht Ula\u015f \u015eener \u201eMein Weg in die Berliner Verwaltung\u201c"},"content":{"rendered":"\n<p>Wir m\u00f6chten uns herzlich bei allen bedanken, die am zweiten Termin unserer Ringvorlesung am 18.April teilgenommen haben. Ein besonderer Dank geht an <a href=\"https:\/\/www.linkedin.com\/in\/ACoAAB7QghwB61DDHVWc5aX0Dt__KYnWOT60k4Q\"><\/a><a href=\"https:\/\/www.linkedin.com\/in\/ulas-sener\/\">Ula\u015f \u015eener<\/a> von der Senatsverwaltung f\u00fcr Arbeit, Soziales, Gleichstellung, Integration, Vielfalt und Antidiskriminierung, der uns einen inspirierenden Einblick in seinen pers\u00f6nlichen Weg in die Berliner Verwaltung gegeben hat. <br><br>Die Veranstaltung fand am Campus Sch\u00f6neberg statt. Wir hoffen, dass Sie von den Erkenntnissen und Erfahrungen, die Herr \u015eener geteilt hat, profitieren k\u00f6nnen. <br><br>Vielen Dank nochmals an alle Teilnehmer*innen. Wir freuen uns darauf, Sie bei unseren zuk\u00fcnftigen Veranstaltungen wiederzusehen. <\/p>\n\n\n\n<p class=\"has-text-align-center\"><img loading=\"lazy\" decoding=\"async\" width=\"400\" height=\"400\" class=\"wp-image-266\" style=\"width: 400px;\" src=\"https:\/\/blog.hwr-berlin.de\/steps-to-public-service\/wp-content\/uploads_stepstopublicservice\/2024\/06\/RV-Ulas-Sener-1.png\" alt=\"\" srcset=\"https:\/\/blog.hwr-berlin.de\/steps-to-public-service\/wp-content\/uploads_stepstopublicservice\/2024\/06\/RV-Ulas-Sener-1.png 1080w, https:\/\/blog.hwr-berlin.de\/steps-to-public-service\/wp-content\/uploads_stepstopublicservice\/2024\/06\/RV-Ulas-Sener-1-300x300.png 300w, https:\/\/blog.hwr-berlin.de\/steps-to-public-service\/wp-content\/uploads_stepstopublicservice\/2024\/06\/RV-Ulas-Sener-1-1024x1024.png 1024w, https:\/\/blog.hwr-berlin.de\/steps-to-public-service\/wp-content\/uploads_stepstopublicservice\/2024\/06\/RV-Ulas-Sener-1-150x150.png 150w, https:\/\/blog.hwr-berlin.de\/steps-to-public-service\/wp-content\/uploads_stepstopublicservice\/2024\/06\/RV-Ulas-Sener-1-768x768.png 768w\" sizes=\"auto, (max-width: 400px) 100vw, 400px\" \/><\/p>\n","protected":false},"excerpt":{"rendered":"<p>Wir m\u00f6chten uns herzlich bei allen bedanken, die am zweiten Termin unserer Ringvorlesung am 18.April teilgenommen haben. Ein besonderer Dank geht an Ula\u015f \u015eener von der Senatsverwaltung f\u00fcr Arbeit, Soziales, Gleichstellung, Integration, Vielfalt und Antidiskriminierung, der uns einen inspirierenden Einblick in seinen pers\u00f6nlichen Weg in die Berliner Verwaltung gegeben hat. Die Veranstaltung fand am Campus [&hellip;]<\/p>\n","protected":false},"author":2,"featured_media":0,"comment_status":"open","ping_status":"open","sticky":false,"template":"","format":"standard","meta":{"footnotes":""},"categories":[1],"tags":[],"class_list":["post-258","post","type-post","status-publish","format-standard","hentry","category-allgemein"],"yoast_head":"<!-- This site is optimized with the Yoast SEO plugin v27.5 - https:\/\/yoast.com\/product\/yoast-seo-wordpress\/ -->\n<title>Erfahrungsbericht Ula\u015f \u015eener \u201eMein Weg in die Berliner Verwaltung\u201c - Steps<\/title>\n<meta name=\"robots\" content=\"index, follow, max-snippet:-1, max-image-preview:large, max-video-preview:-1\" \/>\n<link rel=\"canonical\" href=\"https:\/\/blog.hwr-berlin.de\/steps-to-public-service\/erfahrungsbericht-ulas-sener-mein-weg-in-die-berliner-verwaltung\/\" \/>\n<meta property=\"og:locale\" content=\"de_DE\" \/>\n<meta property=\"og:type\" content=\"article\" \/>\n<meta property=\"og:title\" content=\"Erfahrungsbericht Ula\u015f \u015eener \u201eMein Weg in die Berliner Verwaltung\u201c - Steps\" \/>\n<meta property=\"og:description\" content=\"Wir m\u00f6chten uns herzlich bei allen bedanken, die am zweiten Termin unserer Ringvorlesung am 18.April teilgenommen haben. Ein besonderer Dank geht an Ula\u015f \u015eener von der Senatsverwaltung f\u00fcr Arbeit, Soziales, Gleichstellung, Integration, Vielfalt und Antidiskriminierung, der uns einen inspirierenden Einblick in seinen pers\u00f6nlichen Weg in die Berliner Verwaltung gegeben hat. Die Veranstaltung fand am Campus [&hellip;]\" \/>\n<meta property=\"og:url\" content=\"https:\/\/blog.hwr-berlin.de\/steps-to-public-service\/erfahrungsbericht-ulas-sener-mein-weg-in-die-berliner-verwaltung\/\" \/>\n<meta property=\"og:site_name\" content=\"Steps\" \/>\n<meta property=\"article:published_time\" content=\"2024-06-05T12:18:50+00:00\" \/>\n<meta property=\"article:modified_time\" content=\"2024-06-05T12:22:12+00:00\" \/>\n<meta property=\"og:image\" content=\"https:\/\/blog.hwr-berlin.de\/steps-to-public-service\/wp-content\/uploads_stepstopublicservice\/2024\/06\/RV-Ulas-Sener-1.png\" \/>\n<meta name=\"author\" content=\"Nina Stache\" \/>\n<meta name=\"twitter:card\" content=\"summary_large_image\" \/>\n<meta name=\"twitter:label1\" content=\"Verfasst von\" \/>\n\t<meta name=\"twitter:data1\" content=\"Nina Stache\" \/>\n\t<meta name=\"twitter:label2\" content=\"Gesch\u00e4tzte Lesezeit\" \/>\n\t<meta name=\"twitter:data2\" content=\"1\u00a0Minute\" \/>\n<script type=\"application\/ld+json\" class=\"yoast-schema-graph\">{\"@context\":\"https:\\\/\\\/schema.org\",\"@graph\":[{\"@type\":\"Article\",\"@id\":\"https:\\\/\\\/blog.hwr-berlin.de\\\/steps-to-public-service\\\/erfahrungsbericht-ulas-sener-mein-weg-in-die-berliner-verwaltung\\\/#article\",\"isPartOf\":{\"@id\":\"https:\\\/\\\/blog.hwr-berlin.de\\\/steps-to-public-service\\\/erfahrungsbericht-ulas-sener-mein-weg-in-die-berliner-verwaltung\\\/\"},\"author\":{\"name\":\"Nina Stache\",\"@id\":\"https:\\\/\\\/blog.hwr-berlin.de\\\/steps-to-public-service\\\/#\\\/schema\\\/person\\\/52f40c8a3bc77adf42d3a13f68bb8a87\"},\"headline\":\"Erfahrungsbericht Ula\u015f \u015eener \u201eMein Weg in die Berliner Verwaltung\u201c\",\"datePublished\":\"2024-06-05T12:18:50+00:00\",\"dateModified\":\"2024-06-05T12:22:12+00:00\",\"mainEntityOfPage\":{\"@id\":\"https:\\\/\\\/blog.hwr-berlin.de\\\/steps-to-public-service\\\/erfahrungsbericht-ulas-sener-mein-weg-in-die-berliner-verwaltung\\\/\"},\"wordCount\":105,\"commentCount\":0,\"publisher\":{\"@id\":\"https:\\\/\\\/blog.hwr-berlin.de\\\/steps-to-public-service\\\/#organization\"},\"image\":{\"@id\":\"https:\\\/\\\/blog.hwr-berlin.de\\\/steps-to-public-service\\\/erfahrungsbericht-ulas-sener-mein-weg-in-die-berliner-verwaltung\\\/#primaryimage\"},\"thumbnailUrl\":\"https:\\\/\\\/blog.hwr-berlin.de\\\/steps-to-public-service\\\/wp-content\\\/uploads_stepstopublicservice\\\/2024\\\/06\\\/RV-Ulas-Sener-1.png\",\"inLanguage\":\"de\",\"potentialAction\":[{\"@type\":\"CommentAction\",\"name\":\"Comment\",\"target\":[\"https:\\\/\\\/blog.hwr-berlin.de\\\/steps-to-public-service\\\/erfahrungsbericht-ulas-sener-mein-weg-in-die-berliner-verwaltung\\\/#respond\"]}]},{\"@type\":\"WebPage\",\"@id\":\"https:\\\/\\\/blog.hwr-berlin.de\\\/steps-to-public-service\\\/erfahrungsbericht-ulas-sener-mein-weg-in-die-berliner-verwaltung\\\/\",\"url\":\"https:\\\/\\\/blog.hwr-berlin.de\\\/steps-to-public-service\\\/erfahrungsbericht-ulas-sener-mein-weg-in-die-berliner-verwaltung\\\/\",\"name\":\"Erfahrungsbericht Ula\u015f \u015eener \u201eMein Weg in die Berliner Verwaltung\u201c - Steps\",\"isPartOf\":{\"@id\":\"https:\\\/\\\/blog.hwr-berlin.de\\\/steps-to-public-service\\\/#website\"},\"primaryImageOfPage\":{\"@id\":\"https:\\\/\\\/blog.hwr-berlin.de\\\/steps-to-public-service\\\/erfahrungsbericht-ulas-sener-mein-weg-in-die-berliner-verwaltung\\\/#primaryimage\"},\"image\":{\"@id\":\"https:\\\/\\\/blog.hwr-berlin.de\\\/steps-to-public-service\\\/erfahrungsbericht-ulas-sener-mein-weg-in-die-berliner-verwaltung\\\/#primaryimage\"},\"thumbnailUrl\":\"https:\\\/\\\/blog.hwr-berlin.de\\\/steps-to-public-service\\\/wp-content\\\/uploads_stepstopublicservice\\\/2024\\\/06\\\/RV-Ulas-Sener-1.png\",\"datePublished\":\"2024-06-05T12:18:50+00:00\",\"dateModified\":\"2024-06-05T12:22:12+00:00\",\"breadcrumb\":{\"@id\":\"https:\\\/\\\/blog.hwr-berlin.de\\\/steps-to-public-service\\\/erfahrungsbericht-ulas-sener-mein-weg-in-die-berliner-verwaltung\\\/#breadcrumb\"},\"inLanguage\":\"de\",\"potentialAction\":[{\"@type\":\"ReadAction\",\"target\":[\"https:\\\/\\\/blog.hwr-berlin.de\\\/steps-to-public-service\\\/erfahrungsbericht-ulas-sener-mein-weg-in-die-berliner-verwaltung\\\/\"]}]},{\"@type\":\"ImageObject\",\"inLanguage\":\"de\",\"@id\":\"https:\\\/\\\/blog.hwr-berlin.de\\\/steps-to-public-service\\\/erfahrungsbericht-ulas-sener-mein-weg-in-die-berliner-verwaltung\\\/#primaryimage\",\"url\":\"https:\\\/\\\/blog.hwr-berlin.de\\\/steps-to-public-service\\\/wp-content\\\/uploads_stepstopublicservice\\\/2024\\\/06\\\/RV-Ulas-Sener-1.png\",\"contentUrl\":\"https:\\\/\\\/blog.hwr-berlin.de\\\/steps-to-public-service\\\/wp-content\\\/uploads_stepstopublicservice\\\/2024\\\/06\\\/RV-Ulas-Sener-1.png\",\"width\":1080,\"height\":1080},{\"@type\":\"BreadcrumbList\",\"@id\":\"https:\\\/\\\/blog.hwr-berlin.de\\\/steps-to-public-service\\\/erfahrungsbericht-ulas-sener-mein-weg-in-die-berliner-verwaltung\\\/#breadcrumb\",\"itemListElement\":[{\"@type\":\"ListItem\",\"position\":1,\"name\":\"Startseite\",\"item\":\"https:\\\/\\\/blog.hwr-berlin.de\\\/steps-to-public-service\\\/\"},{\"@type\":\"ListItem\",\"position\":2,\"name\":\"Erfahrungsbericht Ula\u015f \u015eener \u201eMein Weg in die Berliner Verwaltung\u201c\"}]},{\"@type\":\"WebSite\",\"@id\":\"https:\\\/\\\/blog.hwr-berlin.de\\\/steps-to-public-service\\\/#website\",\"url\":\"https:\\\/\\\/blog.hwr-berlin.de\\\/steps-to-public-service\\\/\",\"name\":\"Steps\",\"description\":\"\",\"publisher\":{\"@id\":\"https:\\\/\\\/blog.hwr-berlin.de\\\/steps-to-public-service\\\/#organization\"},\"potentialAction\":[{\"@type\":\"SearchAction\",\"target\":{\"@type\":\"EntryPoint\",\"urlTemplate\":\"https:\\\/\\\/blog.hwr-berlin.de\\\/steps-to-public-service\\\/?s={search_term_string}\"},\"query-input\":{\"@type\":\"PropertyValueSpecification\",\"valueRequired\":true,\"valueName\":\"search_term_string\"}}],\"inLanguage\":\"de\"},{\"@type\":\"Organization\",\"@id\":\"https:\\\/\\\/blog.hwr-berlin.de\\\/steps-to-public-service\\\/#organization\",\"name\":\"Steps\",\"url\":\"https:\\\/\\\/blog.hwr-berlin.de\\\/steps-to-public-service\\\/\",\"logo\":{\"@type\":\"ImageObject\",\"inLanguage\":\"de\",\"@id\":\"https:\\\/\\\/blog.hwr-berlin.de\\\/steps-to-public-service\\\/#\\\/schema\\\/logo\\\/image\\\/\",\"url\":\"https:\\\/\\\/blog.hwr-berlin.de\\\/steps-to-public-service\\\/wp-content\\\/uploads_stepstopublicservice\\\/2023\\\/11\\\/cropped-cropped-Kopie-von-Steps-to-Public-Service.png\",\"contentUrl\":\"https:\\\/\\\/blog.hwr-berlin.de\\\/steps-to-public-service\\\/wp-content\\\/uploads_stepstopublicservice\\\/2023\\\/11\\\/cropped-cropped-Kopie-von-Steps-to-Public-Service.png\",\"width\":512,\"height\":512,\"caption\":\"Steps\"},\"image\":{\"@id\":\"https:\\\/\\\/blog.hwr-berlin.de\\\/steps-to-public-service\\\/#\\\/schema\\\/logo\\\/image\\\/\"},\"sameAs\":[\"https:\\\/\\\/www.linkedin.com\\\/company\\\/steps-to-public-service\\\/\"]},{\"@type\":\"Person\",\"@id\":\"https:\\\/\\\/blog.hwr-berlin.de\\\/steps-to-public-service\\\/#\\\/schema\\\/person\\\/52f40c8a3bc77adf42d3a13f68bb8a87\",\"name\":\"Nina Stache\",\"image\":{\"@type\":\"ImageObject\",\"inLanguage\":\"de\",\"@id\":\"https:\\\/\\\/secure.gravatar.com\\\/avatar\\\/ecdafbe59efdf4cc29f0e2ba95be29616ac70139344e655942e27c4f5cffdac8?s=96&d=mm&r=g\",\"url\":\"https:\\\/\\\/secure.gravatar.com\\\/avatar\\\/ecdafbe59efdf4cc29f0e2ba95be29616ac70139344e655942e27c4f5cffdac8?s=96&d=mm&r=g\",\"contentUrl\":\"https:\\\/\\\/secure.gravatar.com\\\/avatar\\\/ecdafbe59efdf4cc29f0e2ba95be29616ac70139344e655942e27c4f5cffdac8?s=96&d=mm&r=g\",\"caption\":\"Nina Stache\"},\"url\":\"https:\\\/\\\/blog.hwr-berlin.de\\\/steps-to-public-service\\\/author\\\/stache\\\/\"}]}<\/script>\n<!-- \/ Yoast SEO plugin. -->","yoast_head_json":{"title":"Erfahrungsbericht Ula\u015f \u015eener \u201eMein Weg in die Berliner Verwaltung\u201c - Steps","robots":{"index":"index","follow":"follow","max-snippet":"max-snippet:-1","max-image-preview":"max-image-preview:large","max-video-preview":"max-video-preview:-1"},"canonical":"https:\/\/blog.hwr-berlin.de\/steps-to-public-service\/erfahrungsbericht-ulas-sener-mein-weg-in-die-berliner-verwaltung\/","og_locale":"de_DE","og_type":"article","og_title":"Erfahrungsbericht Ula\u015f \u015eener \u201eMein Weg in die Berliner Verwaltung\u201c - Steps","og_description":"Wir m\u00f6chten uns herzlich bei allen bedanken, die am zweiten Termin unserer Ringvorlesung am 18.April teilgenommen haben. Ein besonderer Dank geht an Ula\u015f \u015eener von der Senatsverwaltung f\u00fcr Arbeit, Soziales, Gleichstellung, Integration, Vielfalt und Antidiskriminierung, der uns einen inspirierenden Einblick in seinen pers\u00f6nlichen Weg in die Berliner Verwaltung gegeben hat. Die Veranstaltung fand am Campus [&hellip;]","og_url":"https:\/\/blog.hwr-berlin.de\/steps-to-public-service\/erfahrungsbericht-ulas-sener-mein-weg-in-die-berliner-verwaltung\/","og_site_name":"Steps","article_published_time":"2024-06-05T12:18:50+00:00","article_modified_time":"2024-06-05T12:22:12+00:00","og_image":[{"url":"https:\/\/blog.hwr-berlin.de\/steps-to-public-service\/wp-content\/uploads_stepstopublicservice\/2024\/06\/RV-Ulas-Sener-1.png","type":"","width":"","height":""}],"author":"Nina Stache","twitter_card":"summary_large_image","twitter_misc":{"Verfasst von":"Nina Stache","Gesch\u00e4tzte Lesezeit":"1\u00a0Minute"},"schema":{"@context":"https:\/\/schema.org","@graph":[{"@type":"Article","@id":"https:\/\/blog.hwr-berlin.de\/steps-to-public-service\/erfahrungsbericht-ulas-sener-mein-weg-in-die-berliner-verwaltung\/#article","isPartOf":{"@id":"https:\/\/blog.hwr-berlin.de\/steps-to-public-service\/erfahrungsbericht-ulas-sener-mein-weg-in-die-berliner-verwaltung\/"},"author":{"name":"Nina Stache","@id":"https:\/\/blog.hwr-berlin.de\/steps-to-public-service\/#\/schema\/person\/52f40c8a3bc77adf42d3a13f68bb8a87"},"headline":"Erfahrungsbericht Ula\u015f \u015eener \u201eMein Weg in die Berliner Verwaltung\u201c","datePublished":"2024-06-05T12:18:50+00:00","dateModified":"2024-06-05T12:22:12+00:00","mainEntityOfPage":{"@id":"https:\/\/blog.hwr-berlin.de\/steps-to-public-service\/erfahrungsbericht-ulas-sener-mein-weg-in-die-berliner-verwaltung\/"},"wordCount":105,"commentCount":0,"publisher":{"@id":"https:\/\/blog.hwr-berlin.de\/steps-to-public-service\/#organization"},"image":{"@id":"https:\/\/blog.hwr-berlin.de\/steps-to-public-service\/erfahrungsbericht-ulas-sener-mein-weg-in-die-berliner-verwaltung\/#primaryimage"},"thumbnailUrl":"https:\/\/blog.hwr-berlin.de\/steps-to-public-service\/wp-content\/uploads_stepstopublicservice\/2024\/06\/RV-Ulas-Sener-1.png","inLanguage":"de","potentialAction":[{"@type":"CommentAction","name":"Comment","target":["https:\/\/blog.hwr-berlin.de\/steps-to-public-service\/erfahrungsbericht-ulas-sener-mein-weg-in-die-berliner-verwaltung\/#respond"]}]},{"@type":"WebPage","@id":"https:\/\/blog.hwr-berlin.de\/steps-to-public-service\/erfahrungsbericht-ulas-sener-mein-weg-in-die-berliner-verwaltung\/","url":"https:\/\/blog.hwr-berlin.de\/steps-to-public-service\/erfahrungsbericht-ulas-sener-mein-weg-in-die-berliner-verwaltung\/","name":"Erfahrungsbericht Ula\u015f \u015eener \u201eMein Weg in die Berliner Verwaltung\u201c - Steps","isPartOf":{"@id":"https:\/\/blog.hwr-berlin.de\/steps-to-public-service\/#website"},"primaryImageOfPage":{"@id":"https:\/\/blog.hwr-berlin.de\/steps-to-public-service\/erfahrungsbericht-ulas-sener-mein-weg-in-die-berliner-verwaltung\/#primaryimage"},"image":{"@id":"https:\/\/blog.hwr-berlin.de\/steps-to-public-service\/erfahrungsbericht-ulas-sener-mein-weg-in-die-berliner-verwaltung\/#primaryimage"},"thumbnailUrl":"https:\/\/blog.hwr-berlin.de\/steps-to-public-service\/wp-content\/uploads_stepstopublicservice\/2024\/06\/RV-Ulas-Sener-1.png","datePublished":"2024-06-05T12:18:50+00:00","dateModified":"2024-06-05T12:22:12+00:00","breadcrumb":{"@id":"https:\/\/blog.hwr-berlin.de\/steps-to-public-service\/erfahrungsbericht-ulas-sener-mein-weg-in-die-berliner-verwaltung\/#breadcrumb"},"inLanguage":"de","potentialAction":[{"@type":"ReadAction","target":["https:\/\/blog.hwr-berlin.de\/steps-to-public-service\/erfahrungsbericht-ulas-sener-mein-weg-in-die-berliner-verwaltung\/"]}]},{"@type":"ImageObject","inLanguage":"de","@id":"https:\/\/blog.hwr-berlin.de\/steps-to-public-service\/erfahrungsbericht-ulas-sener-mein-weg-in-die-berliner-verwaltung\/#primaryimage","url":"https:\/\/blog.hwr-berlin.de\/steps-to-public-service\/wp-content\/uploads_stepstopublicservice\/2024\/06\/RV-Ulas-Sener-1.png","contentUrl":"https:\/\/blog.hwr-berlin.de\/steps-to-public-service\/wp-content\/uploads_stepstopublicservice\/2024\/06\/RV-Ulas-Sener-1.png","width":1080,"height":1080},{"@type":"BreadcrumbList","@id":"https:\/\/blog.hwr-berlin.de\/steps-to-public-service\/erfahrungsbericht-ulas-sener-mein-weg-in-die-berliner-verwaltung\/#breadcrumb","itemListElement":[{"@type":"ListItem","position":1,"name":"Startseite","item":"https:\/\/blog.hwr-berlin.de\/steps-to-public-service\/"},{"@type":"ListItem","position":2,"name":"Erfahrungsbericht Ula\u015f \u015eener \u201eMein Weg in die Berliner Verwaltung\u201c"}]},{"@type":"WebSite","@id":"https:\/\/blog.hwr-berlin.de\/steps-to-public-service\/#website","url":"https:\/\/blog.hwr-berlin.de\/steps-to-public-service\/","name":"Steps","description":"","publisher":{"@id":"https:\/\/blog.hwr-berlin.de\/steps-to-public-service\/#organization"},"potentialAction":[{"@type":"SearchAction","target":{"@type":"EntryPoint","urlTemplate":"https:\/\/blog.hwr-berlin.de\/steps-to-public-service\/?s={search_term_string}"},"query-input":{"@type":"PropertyValueSpecification","valueRequired":true,"valueName":"search_term_string"}}],"inLanguage":"de"},{"@type":"Organization","@id":"https:\/\/blog.hwr-berlin.de\/steps-to-public-service\/#organization","name":"Steps","url":"https:\/\/blog.hwr-berlin.de\/steps-to-public-service\/","logo":{"@type":"ImageObject","inLanguage":"de","@id":"https:\/\/blog.hwr-berlin.de\/steps-to-public-service\/#\/schema\/logo\/image\/","url":"https:\/\/blog.hwr-berlin.de\/steps-to-public-service\/wp-content\/uploads_stepstopublicservice\/2023\/11\/cropped-cropped-Kopie-von-Steps-to-Public-Service.png","contentUrl":"https:\/\/blog.hwr-berlin.de\/steps-to-public-service\/wp-content\/uploads_stepstopublicservice\/2023\/11\/cropped-cropped-Kopie-von-Steps-to-Public-Service.png","width":512,"height":512,"caption":"Steps"},"image":{"@id":"https:\/\/blog.hwr-berlin.de\/steps-to-public-service\/#\/schema\/logo\/image\/"},"sameAs":["https:\/\/www.linkedin.com\/company\/steps-to-public-service\/"]},{"@type":"Person","@id":"https:\/\/blog.hwr-berlin.de\/steps-to-public-service\/#\/schema\/person\/52f40c8a3bc77adf42d3a13f68bb8a87","name":"Nina Stache","image":{"@type":"ImageObject","inLanguage":"de","@id":"https:\/\/secure.gravatar.com\/avatar\/ecdafbe59efdf4cc29f0e2ba95be29616ac70139344e655942e27c4f5cffdac8?s=96&d=mm&r=g","url":"https:\/\/secure.gravatar.com\/avatar\/ecdafbe59efdf4cc29f0e2ba95be29616ac70139344e655942e27c4f5cffdac8?s=96&d=mm&r=g","contentUrl":"https:\/\/secure.gravatar.com\/avatar\/ecdafbe59efdf4cc29f0e2ba95be29616ac70139344e655942e27c4f5cffdac8?s=96&d=mm&r=g","caption":"Nina Stache"},"url":"https:\/\/blog.hwr-berlin.de\/steps-to-public-service\/author\/stache\/"}]}},"_links":{"self":[{"href":"https:\/\/blog.hwr-berlin.de\/steps-to-public-service\/wp-json\/wp\/v2\/posts\/258","targetHints":{"allow":["GET"]}}],"collection":[{"href":"https:\/\/blog.hwr-berlin.de\/steps-to-public-service\/wp-json\/wp\/v2\/posts"}],"about":[{"href":"https:\/\/blog.hwr-berlin.de\/steps-to-public-service\/wp-json\/wp\/v2\/types\/post"}],"author":[{"embeddable":true,"href":"https:\/\/blog.hwr-berlin.de\/steps-to-public-service\/wp-json\/wp\/v2\/users\/2"}],"replies":[{"embeddable":true,"href":"https:\/\/blog.hwr-berlin.de\/steps-to-public-service\/wp-json\/wp\/v2\/comments?post=258"}],"version-history":[{"count":4,"href":"https:\/\/blog.hwr-berlin.de\/steps-to-public-service\/wp-json\/wp\/v2\/posts\/258\/revisions"}],"predecessor-version":[{"id":268,"href":"https:\/\/blog.hwr-berlin.de\/steps-to-public-service\/wp-json\/wp\/v2\/posts\/258\/revisions\/268"}],"wp:attachment":[{"href":"https:\/\/blog.hwr-berlin.de\/steps-to-public-service\/wp-json\/wp\/v2\/media?parent=258"}],"wp:term":[{"taxonomy":"category","embeddable":true,"href":"https:\/\/blog.hwr-berlin.de\/steps-to-public-service\/wp-json\/wp\/v2\/categories?post=258"},{"taxonomy":"post_tag","embeddable":true,"href":"https:\/\/blog.hwr-berlin.de\/steps-to-public-service\/wp-json\/wp\/v2\/tags?post=258"}],"curies":[{"name":"wp","href":"https:\/\/api.w.org\/{rel}","templated":true}]}}